{"id":779,"date":"2026-02-03T08:42:57","date_gmt":"2026-02-03T07:42:57","guid":{"rendered":"https:\/\/www.tordy.at\/?p=779"},"modified":"2026-02-03T08:42:57","modified_gmt":"2026-02-03T07:42:57","slug":"dialog-im-zentrum-eine-praxisgemeinschaft","status":"publish","type":"post","link":"https:\/\/www.tordy.at\/index.php\/2026\/02\/03\/dialog-im-zentrum-eine-praxisgemeinschaft\/","title":{"rendered":"Dialog im Zentrum &#8211; eine Praxisgemeinschaft"},"content":{"rendered":"\n<p>Das Einzelg\u00e4ngertum hat ein Ende. Ab jetzt hei\u00dft es: &#8222;Ich bin Viele&#8220;. An den Adressen R\u00f6ntgengasse 26\/12 und 28\/11 gibt es jetzt mehr Psychotherapeut:innen. Streng genommen bin ich nat\u00fcrlich immer noch ich und ein Wechsel von A nach B ist auch weiterhin schwierig. Praxisgemeinschaft hei\u00dft vor allem: Wir sind ein Zusammenschluss von Kolleg:innen und teilen uns die Praxisr\u00e4ume. In einer Gemeinschaftspraxis k\u00f6nnte man hingegen auch von jemand anderen betreut werden. Was z.B. f\u00fcr all jene interessant sein kann, die zu immer unterschiedlichen Zeiten Unterst\u00fctzung suchen. Egal. Ich freue mich, dass ich an den beiden Adressen kompetente Kolleginnen habe. <\/p>\n\n\n\n<figure class=\"wp-block-image size-large\"><img decoding=\"async\" src=\"https:\/\/www.tordy.at\/wp-content\/uploads\/2026\/02\/Schild-vs7-260129-2.jpg\" alt=\"Plakat mit den Namen der Psychotherapeutinnen: Magistrat Karin Goger, Christian Tordy, Magistra Michaele Fassl, alle auf 26\/12 sowie Delia Sch\u00f6ck-Hermann, Master und Deborah Bunas\"\/><\/figure>\n","protected":false},"excerpt":{"rendered":"<p>Das Einzelg\u00e4ngertum hat ein Ende. Ab jetzt hei\u00dft es: &#8222;Ich bin Viele&#8220;. An den Adressen R\u00f6ntgengasse 26\/12 und 28\/11 gibt es jetzt mehr Psychotherapeut:innen. Streng genommen bin ich nat\u00fcrlich immer noch ich und ein Wechsel von A nach B ist auch weiterhin schwierig. Praxisgemeinschaft hei\u00dft vor allem: Wir sind ein Zusammenschluss von Kolleg:innen und teilen &hellip; <\/p>\n<p class=\"link-more\"><a href=\"https:\/\/www.tordy.at\/index.php\/2026\/02\/03\/dialog-im-zentrum-eine-praxisgemeinschaft\/\" class=\"more-link\"><span class=\"screen-reader-text\">\u201eDialog im Zentrum &#8211; eine Praxisgemeinschaft\u201c <\/span>weiterlesen<\/a><\/p>\n","protected":false},"author":6,"featured_media":0,"comment_status":"closed","ping_status":"","sticky":false,"template":"","format":"standard","meta":{"footnotes":""},"categories":[135,11],"tags":[129,134,133,131,132,130,81],"class_list":["post-779","post","type-post","status-publish","format-standard","hentry","category-adresse","category-psychotherapie","tag-adresse","tag-deborah-bunas","tag-delia-schoeck-hermann","tag-karin-goger","tag-michaele-fassl","tag-praxisgemeinschaft","tag-psychotherapie"],"_links":{"self":[{"href":"https:\/\/www.tordy.at\/index.php\/wp-json\/wp\/v2\/posts\/779","targetHints":{"allow":["GET"]}}],"collection":[{"href":"https:\/\/www.tordy.at\/index.php\/wp-json\/wp\/v2\/posts"}],"about":[{"href":"https:\/\/www.tordy.at\/index.php\/wp-json\/wp\/v2\/types\/post"}],"author":[{"embeddable":true,"href":"https:\/\/www.tordy.at\/index.php\/wp-json\/wp\/v2\/users\/6"}],"replies":[{"embeddable":true,"href":"https:\/\/www.tordy.at\/index.php\/wp-json\/wp\/v2\/comments?post=779"}],"version-history":[{"count":1,"href":"https:\/\/www.tordy.at\/index.php\/wp-json\/wp\/v2\/posts\/779\/revisions"}],"predecessor-version":[{"id":780,"href":"https:\/\/www.tordy.at\/index.php\/wp-json\/wp\/v2\/posts\/779\/revisions\/780"}],"wp:attachment":[{"href":"https:\/\/www.tordy.at\/index.php\/wp-json\/wp\/v2\/media?parent=779"}],"wp:term":[{"taxonomy":"category","embeddable":true,"href":"https:\/\/www.tordy.at\/index.php\/wp-json\/wp\/v2\/categories?post=779"},{"taxonomy":"post_tag","embeddable":true,"href":"https:\/\/www.tordy.at\/index.php\/wp-json\/wp\/v2\/tags?post=779"}],"curies":[{"name":"wp","href":"https:\/\/api.w.org\/{rel}","templated":true}]}}